{"id":25550,"date":"2019-10-10T13:16:22","date_gmt":"2019-10-10T13:16:22","guid":{"rendered":"http:\/\/www.sembullyingsemviolencia.edu.gov.pt\/?p=25550"},"modified":"2019-10-14T14:30:44","modified_gmt":"2019-10-14T14:30:44","slug":"eu-kids-online-portugal","status":"publish","type":"post","link":"https:\/\/www.sembullyingsemviolencia.edu.gov.pt\/?p=25550","title":{"rendered":"EU Kids Online Portugal"},"content":{"rendered":"\n<div class=\"wp-block-image\"><figure class=\"aligncenter\"><a href=\"http:\/\/fabricadesites.fcsh.unl.pt\/eukidsonline\/\" target=\"_blank\" rel=\"noreferrer noopener\"><img width=\"1024\" height=\"285\" src=\"http:\/\/www.sembullyingsemviolencia.edu.gov.pt\/wp-content\/uploads\/2019\/10\/logo-eu-kids7-1024x285.png\" alt=\"\" class=\"wp-image-25551\" srcset=\"https:\/\/www.sembullyingsemviolencia.edu.gov.pt\/wp-content\/uploads\/2019\/10\/logo-eu-kids7-1024x285.png 1024w, https:\/\/www.sembullyingsemviolencia.edu.gov.pt\/wp-content\/uploads\/2019\/10\/logo-eu-kids7-300x83.png 300w, https:\/\/www.sembullyingsemviolencia.edu.gov.pt\/wp-content\/uploads\/2019\/10\/logo-eu-kids7-768x214.png 768w\" sizes=\"(max-width: 1024px) 100vw, 1024px\" \/><\/a><\/figure><\/div>\n\n\n\n<p class=\"has-text-color has-very-dark-gray-color\">Endere\u00e7o WEB:  <a href=\"http:\/\/fabricadesites.fcsh.unl.pt\/eukidsonline\/\" target=\"_blank\" rel=\"noreferrer noopener\" aria-label=\"http:\/\/fabricadesites.fcsh.unl.pt\/eukidsonline\/  (abre num novo separador)\">http:\/\/fabricadesites.fcsh.unl.pt\/eukidsonline\/ <\/a><\/p>\n\n\n\n<p>Com o tempo, cresce o acesso a meios digitais, surgem novas plataformas e conte\u00fados, mudam as gera\u00e7\u00f5es de crian\u00e7as e de pais, geram-se novas pr\u00e1ticas sociais e culturais.<br>Por isso, a pesquisa da&nbsp;<strong>rede europeia EU Kids Online<\/strong>, iniciada em 2006 e que re\u00fane investigadores de&nbsp;<strong>33 pa\u00edses<\/strong>, inclui para os anos (2015-2018):<br>1) projetos realizados em colabora\u00e7\u00e3o, que aprofundem o conhecimento de din\u00e2micas de mudan\u00e7a e o olhar hol\u00edstico sobre as condi\u00e7\u00f5es da inf\u00e2ncia nas sociedades contempor\u00e2neas, atrav\u00e9s de pesquisas qualitativas;<br>2) a organiza\u00e7\u00e3o de um novo e robusto inqu\u00e9rito pan-europeu que integre a nova ecologia digital e aprofunde o conhecimento sobre as oportunidades, compet\u00eancias, velhos e novos riscos, contextos de media\u00e7\u00e3o (fam\u00edlia, pares, escola, valores e normas sociais e culturais).<\/p>\n\n\n\n<p>O&nbsp;<strong>EU Kids Online 4<\/strong>&nbsp;vem na sequ\u00eancia do&nbsp;<strong>EU Kids Online 3&nbsp;(2011-2014)<\/strong>, que veio capitalizar sobre todo o trabalho realizado no&nbsp;<strong>EU Kids Online 2 (2009-2011)<\/strong>&nbsp;e expandir o conhecimento adquirido durante o&nbsp;<strong>EU Kids Online&nbsp;(2006-2009)<\/strong>.<\/p>\n\n\n\n<div style=\"height:100px\" aria-hidden=\"true\" class=\"wp-block-spacer\"><\/div>\n\n\n\n<div class=\"wp-block-button aligncenter is-style-squared\"><a class=\"wp-block-button__link\" href=\"http:\/\/www.sembullyingsemviolencia.edu.gov.pt\/?page_id=4651\">Voltar<\/a><\/div>\n\n\n\n<div style=\"height:100px\" aria-hidden=\"true\" class=\"wp-block-spacer\"><\/div>\n","protected":false},"excerpt":{"rendered":"<p>Endere\u00e7o WEB: http:\/\/fabricadesites.fcsh.unl.pt\/eukidsonline\/ Com o tempo, cresce o acesso a meios digitais, surgem novas plataformas e conte\u00fados, mudam as gera\u00e7\u00f5es&#8230;<\/p>\n","protected":false},"author":1,"featured_media":25551,"comment_status":"closed","ping_status":"closed","sticky":false,"template":"","format":"standard","meta":{"footnotes":"","_links_to":"","_links_to_target":""},"categories":[100],"tags":[],"class_list":{"0":"post-25550","1":"post","2":"type-post","3":"status-publish","4":"format-standard","5":"has-post-thumbnail","7":"category-iniciativas"},"menu_order":0,"_links":{"self":[{"href":"https:\/\/www.sembullyingsemviolencia.edu.gov.pt\/index.php?rest_route=\/wp\/v2\/posts\/25550","targetHints":{"allow":["GET"]}}],"collection":[{"href":"https:\/\/www.sembullyingsemviolencia.edu.gov.pt\/index.php?rest_route=\/wp\/v2\/posts"}],"about":[{"href":"https:\/\/www.sembullyingsemviolencia.edu.gov.pt\/index.php?rest_route=\/wp\/v2\/types\/post"}],"author":[{"embeddable":true,"href":"https:\/\/www.sembullyingsemviolencia.edu.gov.pt\/index.php?rest_route=\/wp\/v2\/users\/1"}],"replies":[{"embeddable":true,"href":"https:\/\/www.sembullyingsemviolencia.edu.gov.pt\/index.php?rest_route=%2Fwp%2Fv2%2Fcomments&post=25550"}],"version-history":[{"count":3,"href":"https:\/\/www.sembullyingsemviolencia.edu.gov.pt\/index.php?rest_route=\/wp\/v2\/posts\/25550\/revisions"}],"predecessor-version":[{"id":26519,"href":"https:\/\/www.sembullyingsemviolencia.edu.gov.pt\/index.php?rest_route=\/wp\/v2\/posts\/25550\/revisions\/26519"}],"wp:featuredmedia":[{"embeddable":true,"href":"https:\/\/www.sembullyingsemviolencia.edu.gov.pt\/index.php?rest_route=\/wp\/v2\/media\/25551"}],"wp:attachment":[{"href":"https:\/\/www.sembullyingsemviolencia.edu.gov.pt\/index.php?rest_route=%2Fwp%2Fv2%2Fmedia&parent=25550"}],"wp:term":[{"taxonomy":"category","embeddable":true,"href":"https:\/\/www.sembullyingsemviolencia.edu.gov.pt\/index.php?rest_route=%2Fwp%2Fv2%2Fcategories&post=25550"},{"taxonomy":"post_tag","embeddable":true,"href":"https:\/\/www.sembullyingsemviolencia.edu.gov.pt\/index.php?rest_route=%2Fwp%2Fv2%2Ftags&post=25550"}],"curies":[{"name":"wp","href":"https:\/\/api.w.org\/{rel}","templated":true}]}}