{"id":25560,"date":"2019-10-07T13:30:49","date_gmt":"2019-10-07T13:30:49","guid":{"rendered":"http:\/\/www.sembullyingsemviolencia.edu.gov.pt\/?p=25560"},"modified":"2019-10-14T14:39:17","modified_gmt":"2019-10-14T14:39:17","slug":"miudos-seguros-na-net","status":"publish","type":"post","link":"https:\/\/www.sembullyingsemviolencia.edu.gov.pt\/?p=25560","title":{"rendered":"Mi\u00fados Seguros na Net"},"content":{"rendered":"\n<div class=\"wp-block-image\"><figure class=\"aligncenter\"><a href=\"https:\/\/www.miudossegurosna.net\/\" target=\"_blank\" rel=\"noreferrer noopener\"><img src=\"http:\/\/www.sembullyingsemviolencia.edu.gov.pt\/wp-content\/uploads\/2019\/10\/MIUDOS_SEGUROS-NA_NET.gif\" alt=\"\" class=\"wp-image-25561\"\/><\/a><\/figure><\/div>\n\n\n\n<p class=\"has-text-color has-very-dark-gray-color\">Endere\u00e7o WEB:  <a href=\"https:\/\/www.miudossegurosna.net\/\" target=\"_blank\" rel=\"noreferrer noopener\" aria-label=\"https:\/\/www.miudossegurosna.net\/  (abre num novo separador)\">https:\/\/www.miudossegurosna.net\/ <\/a><\/p>\n\n\n\n<p class=\"has-text-color has-very-dark-gray-color\"><strong> seguran\u00e7a de crian\u00e7as e adolescentes na Internet<\/strong> \u00e9 \nhoje alvo da aten\u00e7\u00e3o de fam\u00edlias, escolas e comunidades. Isto para n\u00e3o \nfalar de  governos (locais e centrais), empresas do sector das \ntecnologias de informa\u00e7\u00e3o, \u00f3rg\u00e3os de comunica\u00e7\u00e3o social, etc.<\/p>\n\n\n\n<p class=\"has-text-color has-very-dark-gray-color\">\n<strong>Perigos reais para crian\u00e7as e jovens na utiliza\u00e7\u00e3o da Internet.<\/strong>\n De acordo com o relat\u00f3rio final de um programa piloto financiado pela \nComiss\u00e3o Europeia em 1999, no \u00e2mbito do seu Plano de Ac\u00e7\u00e3o Para a \nUtiliza\u00e7\u00e3o Segura da Internet, as preocupa\u00e7\u00f5es com os perigos associados\n \u00e0 utiliza\u00e7\u00e3o da Internet por crian\u00e7as e jovens, s\u00e3o bem reais e podem \nser agrupados em tr\u00eas categorias: \n<\/p>\n\n\n\n<ul class=\"has-text-color has-very-dark-gray-color wp-block-list\"><li><strong>Conte\u00fados<\/strong> impr\u00f3prios, legais ou ilegais, tais como a\n pornografia, pornografia infantil, viol\u00eancia, \u00f3dio, racismo e outros \nideais extremistas, est\u00e3o facilmente dispon\u00edveis a crian\u00e7as e jovens \natrav\u00e9s de uma grande variedade de dispositivos. Para al\u00e9m de poderem \nser inadequados e prejudiciais a um desenvolvimento harmonioso, podem \nmesmo ofender os padr\u00f5es e valores segundo os quais pretende educar os \nseus filhos ou educandos.\n<\/li><li>\n<strong>Contactos<\/strong> potenciais por parte de pessoas mal intencionadas, que usam o <em>email<\/em>, salas de <em>chat<\/em>, <em>instant messaging<\/em>, f\u00f3runs, grupos de discuss\u00e3o, jogos <em>online<\/em>\n e telem\u00f3veis para ganharem acesso f\u00e1cil a crian\u00e7as e jovens e que \npoder\u00e3o desejar fazer-lhes mal e engan\u00e1-las, representam uma verdadeira \namea\u00e7a.\n<\/li><li>\n<strong>Com\u00e9rcio<\/strong> &#8211; pr\u00e1ticas comerciais e publicit\u00e1rias \nn\u00e3o-\u00e9ticas que, n\u00e3o distinguindo a informa\u00e7\u00e3o da publicidade, podem \nenganar crian\u00e7as e jovens, promover a recolha de informa\u00e7\u00f5es que violam a\n sua privacidade e promover a venda directa a crian\u00e7as, atraindo-as a \nfazerem compras n\u00e3o autorizadas.\n<\/li><\/ul>\n\n\n\n<p class=\"has-text-color has-very-dark-gray-color\">\nSeis anos passados, os tr\u00eas C&#8217;s (Conte\u00fados, Contactos e Com\u00e9rcio) apontados como as maiores amea\u00e7as \u00e0 seguran\u00e7a <em>online<\/em> de crian\u00e7as e jovens, precisam de ser actualizados para incluir:\n<\/p>\n\n\n\n<ul class=\"has-text-color has-very-dark-gray-color wp-block-list\"><li>\n<strong>Comportamentos<\/strong> irrespons\u00e1veis ou compulsivos que, \naliados ao uso excessivo da tecnologia, podem resultar na redu\u00e7\u00e3o da \nsociabilidade e do aproveitamento escolar, podendo mesmo conduzir \u00e0 \ndepend\u00eancia. De facto, a <em>American Psychological Association<\/em> tem\n vindo a alertar para o facto de que \u00e9 poss\u00edvel que crian\u00e7as, jovens e \nadultos podem tornar-se psicologicamente dependentes da Internet (IAD &#8211; <em>Internet Addiction Disorder<\/em>) e que esta perturba\u00e7\u00e3o se pode dar com outras tecnologias como \u00e9 o caso dos jogos v\u00eddeo (<em>online<\/em> e <em>offline<\/em>).\n<\/li><li>\n<strong><em>Copyright<\/em><\/strong> &#8211; a viola\u00e7\u00e3o dos direitos de autor, \nresultante da c\u00f3pia, partilha, adultera\u00e7\u00e3o ou pirataria de conte\u00fados \nprotegidos pela lei, tais como programas de computador, textos, imagens,\n ficheiros de \u00e1udio e\/ou v\u00eddeo,  para fins particulares, comerciais ou \nde pl\u00e1gio em trabalhos escolares ou outros, pode resultar em graves \nproblemas de natureza jur\u00eddica e at\u00e9 financeira.\n<\/li><\/ul>\n\n\n\n<div style=\"height:100px\" aria-hidden=\"true\" class=\"wp-block-spacer\"><\/div>\n\n\n\n<div class=\"wp-block-button aligncenter is-style-squared\"><a class=\"wp-block-button__link\" href=\"http:\/\/www.sembullyingsemviolencia.edu.gov.pt\/?page_id=4651\">Voltar<\/a><\/div>\n\n\n\n<div style=\"height:100px\" aria-hidden=\"true\" class=\"wp-block-spacer\"><\/div>\n","protected":false},"excerpt":{"rendered":"<p>Endere\u00e7o WEB: https:\/\/www.miudossegurosna.net\/ seguran\u00e7a de crian\u00e7as e adolescentes na Internet \u00e9 hoje alvo da aten\u00e7\u00e3o de fam\u00edlias, escolas e comunidades&#8230;.<\/p>\n","protected":false},"author":1,"featured_media":25561,"comment_status":"closed","ping_status":"closed","sticky":false,"template":"","format":"standard","meta":{"footnotes":"","_links_to":"","_links_to_target":""},"categories":[100],"tags":[],"class_list":{"0":"post-25560","1":"post","2":"type-post","3":"status-publish","4":"format-standard","5":"has-post-thumbnail","7":"category-iniciativas"},"menu_order":7,"_links":{"self":[{"href":"https:\/\/www.sembullyingsemviolencia.edu.gov.pt\/index.php?rest_route=\/wp\/v2\/posts\/25560","targetHints":{"allow":["GET"]}}],"collection":[{"href":"https:\/\/www.sembullyingsemviolencia.edu.gov.pt\/index.php?rest_route=\/wp\/v2\/posts"}],"about":[{"href":"https:\/\/www.sembullyingsemviolencia.edu.gov.pt\/index.php?rest_route=\/wp\/v2\/types\/post"}],"author":[{"embeddable":true,"href":"https:\/\/www.sembullyingsemviolencia.edu.gov.pt\/index.php?rest_route=\/wp\/v2\/users\/1"}],"replies":[{"embeddable":true,"href":"https:\/\/www.sembullyingsemviolencia.edu.gov.pt\/index.php?rest_route=%2Fwp%2Fv2%2Fcomments&post=25560"}],"version-history":[{"count":3,"href":"https:\/\/www.sembullyingsemviolencia.edu.gov.pt\/index.php?rest_route=\/wp\/v2\/posts\/25560\/revisions"}],"predecessor-version":[{"id":26524,"href":"https:\/\/www.sembullyingsemviolencia.edu.gov.pt\/index.php?rest_route=\/wp\/v2\/posts\/25560\/revisions\/26524"}],"wp:featuredmedia":[{"embeddable":true,"href":"https:\/\/www.sembullyingsemviolencia.edu.gov.pt\/index.php?rest_route=\/wp\/v2\/media\/25561"}],"wp:attachment":[{"href":"https:\/\/www.sembullyingsemviolencia.edu.gov.pt\/index.php?rest_route=%2Fwp%2Fv2%2Fmedia&parent=25560"}],"wp:term":[{"taxonomy":"category","embeddable":true,"href":"https:\/\/www.sembullyingsemviolencia.edu.gov.pt\/index.php?rest_route=%2Fwp%2Fv2%2Fcategories&post=25560"},{"taxonomy":"post_tag","embeddable":true,"href":"https:\/\/www.sembullyingsemviolencia.edu.gov.pt\/index.php?rest_route=%2Fwp%2Fv2%2Ftags&post=25560"}],"curies":[{"name":"wp","href":"https:\/\/api.w.org\/{rel}","templated":true}]}}