{"id":25820,"date":"2019-10-10T16:59:29","date_gmt":"2019-10-10T16:59:29","guid":{"rendered":"http:\/\/www.sembullyingsemviolencia.edu.gov.pt\/?p=25820"},"modified":"2019-10-14T15:28:07","modified_gmt":"2019-10-14T15:28:07","slug":"compromisso-1-o-ciclo","status":"publish","type":"post","link":"https:\/\/www.sembullyingsemviolencia.edu.gov.pt\/?p=25820","title":{"rendered":"Compromisso 1.\u00ba ciclo"},"content":{"rendered":"\n<p style=\"text-align:center\" class=\"has-text-color has-very-dark-gray-color\"><strong>Compromisso<\/strong><\/p>\n\n\n\n<p style=\"text-align:center\" class=\"has-text-color has-very-dark-gray-color\"><strong>\u201cTurma Sem <\/strong><em><strong>Bullying<\/strong><\/em><strong>. Turma Sem Viol\u00eancia\u201d<\/strong><\/p>\n\n\n\n<p style=\"text-align:center\" class=\"has-text-color has-very-dark-gray-color\"><strong>1\u00ba Ciclo do Ensino B\u00e1sico <\/strong><\/p>\n\n\n\n<p class=\"has-text-color has-very-dark-gray-color\"><a>O <em>bullying<\/em>\n(forma de agress\u00e3o intencional e repetida para causar dor ou desconforto), o <em>ciberbullying<\/em> (forma de <em>bullying<\/em>, recorrendo \u00e0s tecnologias\ndigitais) e outras formas de viol\u00eancia acontecem no dia-a-dia de muitas\ncrian\u00e7as e jovens, podendo desencadear tristeza, choro f\u00e1cil, pesadelos,\nvontade de ficar sozinho. Para al\u00e9m disso, as crian\u00e7as e jovens que s\u00e3o v\u00edtimas\ndestas formas de viol\u00eancia podem tamb\u00e9m deixar de querer ir \u00e0 escola, pelo que\n\u00e9 necess\u00e1rio adotar medidas para impedir que estas situa\u00e7\u00f5es ocorram.<\/a><\/p>\n\n\n\n<p class=\"has-text-color has-very-dark-gray-color\">Sabendo-se\nque o respeito pelo outro \u00e9 uma parte fundamental do que \u00e9 ser cidad\u00e3o, \u00e9\nimportante sabermos como \u00e9 que devemos agir, para que esse respeito pelo outro\nseja uma realidade. <\/p>\n\n\n\n<p class=\"has-text-color has-very-dark-gray-color\">Assim, todos nos comprometemos a:<\/p>\n\n\n\n<ol class=\"has-text-color has-very-dark-gray-color wp-block-list\"><li>Respeitar colegas, professores e demais funcion\u00e1rios;<\/li><li>N\u00e3o agredir, f\u00edsica ou verbalmente, qualquer colega ou outra pessoa, na escola ou noutro local;<\/li><li>Ajudar os alunos que s\u00e3o v\u00edtimas de <em>bullying<\/em>, de <em>ciberbullying<\/em> e de outras formas de viol\u00eancia;<\/li><li>N\u00e3o partilhar dados pessoais (nome, morada, fotografias,\u2026) com pessoas desconhecidas;<\/li><li>Ser respons\u00e1veis pelas nossas a\u00e7\u00f5es.<\/li><\/ol>\n\n\n\n<p class=\"has-text-color has-very-dark-gray-color\">A\nEscola, no \u00e2mbito da sua autonomia e da sua Estrat\u00e9gia de Educa\u00e7\u00e3o para a\nCidadania, assume que o cumprimento deste compromisso permitir\u00e1 reconhecer e\nvalorizar o papel da turma na promo\u00e7\u00e3o de uma \u201cEscola Sem <em>Bullying<\/em>. Escola Sem Viol\u00eancia\u201d, certificando-a \u201cTurma Sem <em>Bullying<\/em>. Turma Sem Viol\u00eancia\u201d, men\u00e7\u00e3o\nque constar\u00e1 tamb\u00e9m do processo individual de cada um dos elementos da turma.<\/p>\n\n\n\n<p class=\"has-text-color has-very-dark-gray-color\">(Local,\ndata)<\/p>\n\n\n\n<p class=\"has-text-color has-very-dark-gray-color\">Turma _____ do ______ \u00ba Ano, da Escola\n___________________________________________<\/p>\n\n\n\n<p class=\"has-text-color has-very-dark-gray-color\">Assinatura do\/a Professor\/a Titular de Turma: ______________________________________<\/p>\n\n\n\n<div style=\"height:100px\" aria-hidden=\"true\" class=\"wp-block-spacer\"><\/div>\n\n\n\n<div class=\"wp-block-file aligncenter\"><a href=\"http:\/\/www.sembullyingsemviolencia.edu.gov.pt\/wp-content\/uploads\/2019\/10\/Compromisso-1.\u00ba-ciclo-2.docx\">Compromisso 1.\u00ba ciclo<\/a><a href=\"http:\/\/www.sembullyingsemviolencia.edu.gov.pt\/wp-content\/uploads\/2019\/10\/Compromisso-1.\u00ba-ciclo-2.docx\" class=\"wp-block-file__button\" download>Descarregar<\/a><\/div>\n\n\n\n<p class=\"has-text-color has-very-dark-gray-color\"><em>(Este\ncompromisso apresenta-se apenas como uma base que poder\u00e1, caso assim se\nentenda, no \u00e2mbito da autonomia dos estabelecimentos de ensino, ser adaptada \u00e0\nrealidade de cada turma, fruto da discuss\u00e3o em aula com os alunos.)<\/em><\/p>\n\n\n\n<div style=\"height:100px\" aria-hidden=\"true\" class=\"wp-block-spacer\"><\/div>\n\n\n\n<div class=\"wp-block-button aligncenter is-style-squared\"><a class=\"wp-block-button__link\" href=\"http:\/\/www.sembullyingsemviolencia.edu.gov.pt\/?page_id=25830\">Voltar<\/a><\/div>\n","protected":false},"excerpt":{"rendered":"<p>Compromisso \u201cTurma Sem Bullying. Turma Sem Viol\u00eancia\u201d 1\u00ba Ciclo do Ensino B\u00e1sico O bullying (forma de agress\u00e3o intencional e repetida&#8230;<\/p>\n","protected":false},"author":1,"featured_media":26127,"comment_status":"closed","ping_status":"closed","sticky":false,"template":"","format":"standard","meta":{"footnotes":"","_links_to":"","_links_to_target":""},"categories":[134],"tags":[],"class_list":{"0":"post-25820","1":"post","2":"type-post","3":"status-publish","4":"format-standard","5":"has-post-thumbnail","7":"category-compromissos"},"menu_order":0,"_links":{"self":[{"href":"https:\/\/www.sembullyingsemviolencia.edu.gov.pt\/index.php?rest_route=\/wp\/v2\/posts\/25820","targetHints":{"allow":["GET"]}}],"collection":[{"href":"https:\/\/www.sembullyingsemviolencia.edu.gov.pt\/index.php?rest_route=\/wp\/v2\/posts"}],"about":[{"href":"https:\/\/www.sembullyingsemviolencia.edu.gov.pt\/index.php?rest_route=\/wp\/v2\/types\/post"}],"author":[{"embeddable":true,"href":"https:\/\/www.sembullyingsemviolencia.edu.gov.pt\/index.php?rest_route=\/wp\/v2\/users\/1"}],"replies":[{"embeddable":true,"href":"https:\/\/www.sembullyingsemviolencia.edu.gov.pt\/index.php?rest_route=%2Fwp%2Fv2%2Fcomments&post=25820"}],"version-history":[{"count":11,"href":"https:\/\/www.sembullyingsemviolencia.edu.gov.pt\/index.php?rest_route=\/wp\/v2\/posts\/25820\/revisions"}],"predecessor-version":[{"id":26537,"href":"https:\/\/www.sembullyingsemviolencia.edu.gov.pt\/index.php?rest_route=\/wp\/v2\/posts\/25820\/revisions\/26537"}],"wp:featuredmedia":[{"embeddable":true,"href":"https:\/\/www.sembullyingsemviolencia.edu.gov.pt\/index.php?rest_route=\/wp\/v2\/media\/26127"}],"wp:attachment":[{"href":"https:\/\/www.sembullyingsemviolencia.edu.gov.pt\/index.php?rest_route=%2Fwp%2Fv2%2Fmedia&parent=25820"}],"wp:term":[{"taxonomy":"category","embeddable":true,"href":"https:\/\/www.sembullyingsemviolencia.edu.gov.pt\/index.php?rest_route=%2Fwp%2Fv2%2Fcategories&post=25820"},{"taxonomy":"post_tag","embeddable":true,"href":"https:\/\/www.sembullyingsemviolencia.edu.gov.pt\/index.php?rest_route=%2Fwp%2Fv2%2Ftags&post=25820"}],"curies":[{"name":"wp","href":"https:\/\/api.w.org\/{rel}","templated":true}]}}