{"id":26568,"date":"2019-10-19T09:06:11","date_gmt":"2019-10-19T09:06:11","guid":{"rendered":"http:\/\/www.sembullyingsemviolencia.edu.gov.pt\/?p=26568"},"modified":"2019-10-28T13:30:37","modified_gmt":"2019-10-28T13:30:37","slug":"ae-soares-basto-stop-bullying","status":"publish","type":"post","link":"https:\/\/www.sembullyingsemviolencia.edu.gov.pt\/?p=26568","title":{"rendered":"AE Soares Basto"},"content":{"rendered":"\n<p class=\"has-text-color has-very-dark-gray-color\">AE Soares Basto, Stop Bullying, participa\u00e7\u00e3o no Concurso Escola Alerta 2016, Alunos do Curso Profissional T\u00e9cnico de Multim\u00e9dia.&#8221; <\/p>\n\n\n\n<div class=\"video-container\"><figure class=\"wp-block-embed-youtube aligncenter wp-block-embed is-type-video is-provider-youtube wp-embed-aspect-16-9 wp-has-aspect-ratio\"><div class=\"wp-block-embed__wrapper\">\n<iframe title=\"AE Soares Basto, Stop Bullying\" width=\"1170\" height=\"658\" src=\"https:\/\/www.youtube.com\/embed\/jfn3ddw68k4?feature=oembed\" frameborder=\"0\" allow=\"accelerometer; autoplay; encrypted-media; gyroscope; picture-in-picture\" allowfullscreen><\/iframe>\n<\/div><\/figure><\/div>\n","protected":false},"excerpt":{"rendered":"<p>AE Soares Basto, Stop Bullying, participa\u00e7\u00e3o no Concurso Escola Alerta 2016, Alunos do Curso Profissional T\u00e9cnico de Multim\u00e9dia.&#8221;<\/p>\n","protected":false},"author":1,"featured_media":26569,"comment_status":"closed","ping_status":"closed","sticky":false,"template":"","format":"standard","meta":{"footnotes":"","_links_to":"","_links_to_target":""},"categories":[133],"tags":[],"class_list":{"0":"post-26568","1":"post","2":"type-post","3":"status-publish","4":"format-standard","5":"has-post-thumbnail","7":"category-iniciativas-escolas"},"menu_order":0,"_links":{"self":[{"href":"https:\/\/www.sembullyingsemviolencia.edu.gov.pt\/index.php?rest_route=\/wp\/v2\/posts\/26568","targetHints":{"allow":["GET"]}}],"collection":[{"href":"https:\/\/www.sembullyingsemviolencia.edu.gov.pt\/index.php?rest_route=\/wp\/v2\/posts"}],"about":[{"href":"https:\/\/www.sembullyingsemviolencia.edu.gov.pt\/index.php?rest_route=\/wp\/v2\/types\/post"}],"author":[{"embeddable":true,"href":"https:\/\/www.sembullyingsemviolencia.edu.gov.pt\/index.php?rest_route=\/wp\/v2\/users\/1"}],"replies":[{"embeddable":true,"href":"https:\/\/www.sembullyingsemviolencia.edu.gov.pt\/index.php?rest_route=%2Fwp%2Fv2%2Fcomments&post=26568"}],"version-history":[{"count":16,"href":"https:\/\/www.sembullyingsemviolencia.edu.gov.pt\/index.php?rest_route=\/wp\/v2\/posts\/26568\/revisions"}],"predecessor-version":[{"id":26782,"href":"https:\/\/www.sembullyingsemviolencia.edu.gov.pt\/index.php?rest_route=\/wp\/v2\/posts\/26568\/revisions\/26782"}],"wp:featuredmedia":[{"embeddable":true,"href":"https:\/\/www.sembullyingsemviolencia.edu.gov.pt\/index.php?rest_route=\/wp\/v2\/media\/26569"}],"wp:attachment":[{"href":"https:\/\/www.sembullyingsemviolencia.edu.gov.pt\/index.php?rest_route=%2Fwp%2Fv2%2Fmedia&parent=26568"}],"wp:term":[{"taxonomy":"category","embeddable":true,"href":"https:\/\/www.sembullyingsemviolencia.edu.gov.pt\/index.php?rest_route=%2Fwp%2Fv2%2Fcategories&post=26568"},{"taxonomy":"post_tag","embeddable":true,"href":"https:\/\/www.sembullyingsemviolencia.edu.gov.pt\/index.php?rest_route=%2Fwp%2Fv2%2Ftags&post=26568"}],"curies":[{"name":"wp","href":"https:\/\/api.w.org\/{rel}","templated":true}]}}