{"id":26668,"date":"2019-10-22T11:10:29","date_gmt":"2019-10-22T11:10:29","guid":{"rendered":"https:\/\/www.sembullyingsemviolencia.edu.gov.pt\/?p=26668"},"modified":"2019-10-28T13:30:17","modified_gmt":"2019-10-28T13:30:17","slug":"agrupamento-de-escolas-de-ansiao","status":"publish","type":"post","link":"https:\/\/www.sembullyingsemviolencia.edu.gov.pt\/?p=26668","title":{"rendered":"AE de Ansi\u00e3o"},"content":{"rendered":"\n<p class=\"has-text-color has-very-dark-gray-color\">O\nAgrupamento de Escolas de Ansi\u00e3o cria a equipa de embaixadores anti-<em>bullying\n<\/em>e dinamiza a\u00e7\u00f5es de combate ao <em>bullying <\/em>durante um m\u00eas.<\/p>\n\n\n<p><img class=\"wp-image-26669 size-full aligncenter\" src=\"https:\/\/www.sembullyingsemviolencia.edu.gov.pt\/wp-content\/uploads\/2019\/10\/IMG_4972.png\" alt=\"\" width=\"637\" height=\"903\" srcset=\"https:\/\/www.sembullyingsemviolencia.edu.gov.pt\/wp-content\/uploads\/2019\/10\/IMG_4972.png 637w, https:\/\/www.sembullyingsemviolencia.edu.gov.pt\/wp-content\/uploads\/2019\/10\/IMG_4972-212x300.png 212w, https:\/\/www.sembullyingsemviolencia.edu.gov.pt\/wp-content\/uploads\/2019\/10\/IMG_4972-500x709.png 500w\" sizes=\"(max-width: 637px) 100vw, 637px\" \/><\/p>","protected":false},"excerpt":{"rendered":"<p>O Agrupamento de Escolas de Ansi\u00e3o cria a equipa de embaixadores anti-bullying e dinamiza a\u00e7\u00f5es de combate ao bullying durante&#8230;<\/p>\n","protected":false},"author":1,"featured_media":26669,"comment_status":"closed","ping_status":"closed","sticky":false,"template":"","format":"image","meta":{"footnotes":"","_links_to":"","_links_to_target":""},"categories":[133],"tags":[],"class_list":{"0":"post-26668","1":"post","2":"type-post","3":"status-publish","4":"format-image","5":"has-post-thumbnail","7":"category-iniciativas-escolas","8":"post_format-post-format-image"},"menu_order":0,"_links":{"self":[{"href":"https:\/\/www.sembullyingsemviolencia.edu.gov.pt\/index.php?rest_route=\/wp\/v2\/posts\/26668","targetHints":{"allow":["GET"]}}],"collection":[{"href":"https:\/\/www.sembullyingsemviolencia.edu.gov.pt\/index.php?rest_route=\/wp\/v2\/posts"}],"about":[{"href":"https:\/\/www.sembullyingsemviolencia.edu.gov.pt\/index.php?rest_route=\/wp\/v2\/types\/post"}],"author":[{"embeddable":true,"href":"https:\/\/www.sembullyingsemviolencia.edu.gov.pt\/index.php?rest_route=\/wp\/v2\/users\/1"}],"replies":[{"embeddable":true,"href":"https:\/\/www.sembullyingsemviolencia.edu.gov.pt\/index.php?rest_route=%2Fwp%2Fv2%2Fcomments&post=26668"}],"version-history":[{"count":5,"href":"https:\/\/www.sembullyingsemviolencia.edu.gov.pt\/index.php?rest_route=\/wp\/v2\/posts\/26668\/revisions"}],"predecessor-version":[{"id":26780,"href":"https:\/\/www.sembullyingsemviolencia.edu.gov.pt\/index.php?rest_route=\/wp\/v2\/posts\/26668\/revisions\/26780"}],"wp:featuredmedia":[{"embeddable":true,"href":"https:\/\/www.sembullyingsemviolencia.edu.gov.pt\/index.php?rest_route=\/wp\/v2\/media\/26669"}],"wp:attachment":[{"href":"https:\/\/www.sembullyingsemviolencia.edu.gov.pt\/index.php?rest_route=%2Fwp%2Fv2%2Fmedia&parent=26668"}],"wp:term":[{"taxonomy":"category","embeddable":true,"href":"https:\/\/www.sembullyingsemviolencia.edu.gov.pt\/index.php?rest_route=%2Fwp%2Fv2%2Fcategories&post=26668"},{"taxonomy":"post_tag","embeddable":true,"href":"https:\/\/www.sembullyingsemviolencia.edu.gov.pt\/index.php?rest_route=%2Fwp%2Fv2%2Ftags&post=26668"}],"curies":[{"name":"wp","href":"https:\/\/api.w.org\/{rel}","templated":true}]}}