{"id":26713,"date":"2019-10-25T07:31:26","date_gmt":"2019-10-25T07:31:26","guid":{"rendered":"https:\/\/www.sembullyingsemviolencia.edu.gov.pt\/?p=26713"},"modified":"2019-10-28T13:29:54","modified_gmt":"2019-10-28T13:29:54","slug":"escola-basica-e-secundaria-dr-pascoal-jose-de-mello","status":"publish","type":"post","link":"https:\/\/www.sembullyingsemviolencia.edu.gov.pt\/?p=26713","title":{"rendered":"EBS Dr. Pascoal Jos\u00e9 de Mello"},"content":{"rendered":"\n<p class=\"has-text-color has-very-dark-gray-color\">\n\n\n\n\n\n\n\n\n\n\n\n\n\n\n\n\n\nAtividades de sensibiliza\u00e7\u00e3o promovidas pela Escola\nB\u00e1sica e Secund\u00e1ria Dr. Pascoal Jos\u00e9 de Mello, em Ansi\u00e3o\n\n\n\n<\/p>\n\n\n\n<div class=\"wp-block-image\"><figure class=\"aligncenter\"><img width=\"605\" height=\"960\" src=\"https:\/\/www.sembullyingsemviolencia.edu.gov.pt\/wp-content\/uploads\/2019\/10\/IMG_5120.jpg\" alt=\"\" class=\"wp-image-26714\" srcset=\"https:\/\/www.sembullyingsemviolencia.edu.gov.pt\/wp-content\/uploads\/2019\/10\/IMG_5120.jpg 605w, https:\/\/www.sembullyingsemviolencia.edu.gov.pt\/wp-content\/uploads\/2019\/10\/IMG_5120-189x300.jpg 189w, https:\/\/www.sembullyingsemviolencia.edu.gov.pt\/wp-content\/uploads\/2019\/10\/IMG_5120-500x793.jpg 500w\" sizes=\"(max-width: 605px) 100vw, 605px\" \/><\/figure><\/div>\n","protected":false},"excerpt":{"rendered":"<p>Atividades de sensibiliza\u00e7\u00e3o promovidas pela Escola B\u00e1sica e Secund\u00e1ria Dr. Pascoal Jos\u00e9 de Mello, em Ansi\u00e3o<\/p>\n","protected":false},"author":1,"featured_media":26714,"comment_status":"closed","ping_status":"closed","sticky":false,"template":"","format":"standard","meta":{"footnotes":"","_links_to":"","_links_to_target":""},"categories":[133],"tags":[],"class_list":{"0":"post-26713","1":"post","2":"type-post","3":"status-publish","4":"format-standard","5":"has-post-thumbnail","7":"category-iniciativas-escolas"},"menu_order":0,"_links":{"self":[{"href":"https:\/\/www.sembullyingsemviolencia.edu.gov.pt\/index.php?rest_route=\/wp\/v2\/posts\/26713","targetHints":{"allow":["GET"]}}],"collection":[{"href":"https:\/\/www.sembullyingsemviolencia.edu.gov.pt\/index.php?rest_route=\/wp\/v2\/posts"}],"about":[{"href":"https:\/\/www.sembullyingsemviolencia.edu.gov.pt\/index.php?rest_route=\/wp\/v2\/types\/post"}],"author":[{"embeddable":true,"href":"https:\/\/www.sembullyingsemviolencia.edu.gov.pt\/index.php?rest_route=\/wp\/v2\/users\/1"}],"replies":[{"embeddable":true,"href":"https:\/\/www.sembullyingsemviolencia.edu.gov.pt\/index.php?rest_route=%2Fwp%2Fv2%2Fcomments&post=26713"}],"version-history":[{"count":2,"href":"https:\/\/www.sembullyingsemviolencia.edu.gov.pt\/index.php?rest_route=\/wp\/v2\/posts\/26713\/revisions"}],"predecessor-version":[{"id":26775,"href":"https:\/\/www.sembullyingsemviolencia.edu.gov.pt\/index.php?rest_route=\/wp\/v2\/posts\/26713\/revisions\/26775"}],"wp:featuredmedia":[{"embeddable":true,"href":"https:\/\/www.sembullyingsemviolencia.edu.gov.pt\/index.php?rest_route=\/wp\/v2\/media\/26714"}],"wp:attachment":[{"href":"https:\/\/www.sembullyingsemviolencia.edu.gov.pt\/index.php?rest_route=%2Fwp%2Fv2%2Fmedia&parent=26713"}],"wp:term":[{"taxonomy":"category","embeddable":true,"href":"https:\/\/www.sembullyingsemviolencia.edu.gov.pt\/index.php?rest_route=%2Fwp%2Fv2%2Fcategories&post=26713"},{"taxonomy":"post_tag","embeddable":true,"href":"https:\/\/www.sembullyingsemviolencia.edu.gov.pt\/index.php?rest_route=%2Fwp%2Fv2%2Ftags&post=26713"}],"curies":[{"name":"wp","href":"https:\/\/api.w.org\/{rel}","templated":true}]}}