{"id":26913,"date":"2020-01-27T10:11:08","date_gmt":"2020-01-27T10:11:08","guid":{"rendered":"https:\/\/www.sembullyingsemviolencia.edu.gov.pt\/?p=26913"},"modified":"2020-01-27T10:12:15","modified_gmt":"2020-01-27T10:12:15","slug":"dia-escolar-da-nao-violencia-e-da-paz","status":"publish","type":"post","link":"https:\/\/www.sembullyingsemviolencia.edu.gov.pt\/?p=26913","title":{"rendered":"Dia Escolar da N\u00e3o Viol\u00eancia e da Paz."},"content":{"rendered":"\n<p>No pr\u00f3ximo dia&nbsp;<strong>30 de janeiro,<\/strong>&nbsp;assinala-se\no&nbsp;<strong>Dia Escolar da N\u00e3o\nViol\u00eancia e da Paz<\/strong>.<\/p>\n\n\n\n<p>Uma vez que a educa\u00e7\u00e3o para\na paz, a promo\u00e7\u00e3o de valores como o respeito, a igualdade, a toler\u00e2ncia, a\nsolidariedade, a coopera\u00e7\u00e3o e a n\u00e3o viol\u00eancia contribuem para uma&nbsp;<em><a href=\"https:\/\/www.sembullyingsemviolencia.edu.gov.pt\/wp-content\/uploads\/2019\/10\/folheto_alunos_final.pdf\">Escola sem Bullying. Escola sem Viol\u00eancia<\/a><\/em>,\nconvidamos os&nbsp; Agrupamentos de Escolas e as Escolas N\u00e3o Agrupadas, bem\ncomo as respetivas comunidades, a divulgarem as suas&nbsp;iniciativas&nbsp; e\na&nbsp;<strong>partilharem os\nregistos das atividades desenvolvidas<\/strong>, atrav\u00e9s do <em>e-mail<\/em>&nbsp;<a href=\"mailto:sembullyingsemviolencia@edu.gov.pt\">sembullyingsemviolencia@edu.gov.pt<\/a>.<\/p>\n\n\n\n<div class=\"wp-block-image\"><figure class=\"aligncenter size-full\"><img width=\"863\" height=\"960\" src=\"https:\/\/www.sembullyingsemviolencia.edu.gov.pt\/wp-content\/uploads\/2020\/01\/dge-dia-escolar-nao-violencia.jpg\" alt=\"\" class=\"wp-image-26914\" srcset=\"https:\/\/www.sembullyingsemviolencia.edu.gov.pt\/wp-content\/uploads\/2020\/01\/dge-dia-escolar-nao-violencia.jpg 863w, https:\/\/www.sembullyingsemviolencia.edu.gov.pt\/wp-content\/uploads\/2020\/01\/dge-dia-escolar-nao-violencia-270x300.jpg 270w, https:\/\/www.sembullyingsemviolencia.edu.gov.pt\/wp-content\/uploads\/2020\/01\/dge-dia-escolar-nao-violencia-768x854.jpg 768w, https:\/\/www.sembullyingsemviolencia.edu.gov.pt\/wp-content\/uploads\/2020\/01\/dge-dia-escolar-nao-violencia-500x556.jpg 500w, https:\/\/www.sembullyingsemviolencia.edu.gov.pt\/wp-content\/uploads\/2020\/01\/dge-dia-escolar-nao-violencia-800x890.jpg 800w\" sizes=\"(max-width: 863px) 100vw, 863px\" \/><\/figure><\/div>\n","protected":false},"excerpt":{"rendered":"<p>No pr\u00f3ximo dia&nbsp;30 de janeiro,&nbsp;assinala-se o&nbsp;Dia Escolar da N\u00e3o Viol\u00eancia e da Paz. Uma vez que a educa\u00e7\u00e3o para a&#8230;<\/p>\n","protected":false},"author":1,"featured_media":26914,"comment_status":"closed","ping_status":"closed","sticky":false,"template":"","format":"standard","meta":{"footnotes":"","_links_to":"","_links_to_target":""},"categories":[133],"tags":[],"class_list":{"0":"post-26913","1":"post","2":"type-post","3":"status-publish","4":"format-standard","5":"has-post-thumbnail","7":"category-iniciativas-escolas"},"menu_order":0,"_links":{"self":[{"href":"https:\/\/www.sembullyingsemviolencia.edu.gov.pt\/index.php?rest_route=\/wp\/v2\/posts\/26913","targetHints":{"allow":["GET"]}}],"collection":[{"href":"https:\/\/www.sembullyingsemviolencia.edu.gov.pt\/index.php?rest_route=\/wp\/v2\/posts"}],"about":[{"href":"https:\/\/www.sembullyingsemviolencia.edu.gov.pt\/index.php?rest_route=\/wp\/v2\/types\/post"}],"author":[{"embeddable":true,"href":"https:\/\/www.sembullyingsemviolencia.edu.gov.pt\/index.php?rest_route=\/wp\/v2\/users\/1"}],"replies":[{"embeddable":true,"href":"https:\/\/www.sembullyingsemviolencia.edu.gov.pt\/index.php?rest_route=%2Fwp%2Fv2%2Fcomments&post=26913"}],"version-history":[{"count":2,"href":"https:\/\/www.sembullyingsemviolencia.edu.gov.pt\/index.php?rest_route=\/wp\/v2\/posts\/26913\/revisions"}],"predecessor-version":[{"id":26916,"href":"https:\/\/www.sembullyingsemviolencia.edu.gov.pt\/index.php?rest_route=\/wp\/v2\/posts\/26913\/revisions\/26916"}],"wp:featuredmedia":[{"embeddable":true,"href":"https:\/\/www.sembullyingsemviolencia.edu.gov.pt\/index.php?rest_route=\/wp\/v2\/media\/26914"}],"wp:attachment":[{"href":"https:\/\/www.sembullyingsemviolencia.edu.gov.pt\/index.php?rest_route=%2Fwp%2Fv2%2Fmedia&parent=26913"}],"wp:term":[{"taxonomy":"category","embeddable":true,"href":"https:\/\/www.sembullyingsemviolencia.edu.gov.pt\/index.php?rest_route=%2Fwp%2Fv2%2Fcategories&post=26913"},{"taxonomy":"post_tag","embeddable":true,"href":"https:\/\/www.sembullyingsemviolencia.edu.gov.pt\/index.php?rest_route=%2Fwp%2Fv2%2Ftags&post=26913"}],"curies":[{"name":"wp","href":"https:\/\/api.w.org\/{rel}","templated":true}]}}