{"id":26931,"date":"2020-01-30T19:26:31","date_gmt":"2020-01-30T19:26:31","guid":{"rendered":"https:\/\/www.sembullyingsemviolencia.edu.gov.pt\/?p=26931"},"modified":"2020-01-30T19:26:48","modified_gmt":"2020-01-30T19:26:48","slug":"ebs-de-santa-cruz-2","status":"publish","type":"post","link":"https:\/\/www.sembullyingsemviolencia.edu.gov.pt\/?p=26931","title":{"rendered":"EBS de Santa Cruz"},"content":{"rendered":"\n<p>A Escola B\u00e1sica e Secund\u00e1ria de Santa Cruz est\u00e1 a celebrar o Dia Mundial da N\u00e3o Viol\u00eancia e da Paz nas Escolas com uma palestra, um cord\u00e3o humano e um mural. <\/p>\n\n\n\n<div class=\"wp-block-image\"><figure class=\"aligncenter size-large\"><img width=\"1024\" height=\"724\" src=\"https:\/\/www.sembullyingsemviolencia.edu.gov.pt\/wp-content\/uploads\/2020\/01\/PAU-1024x724.jpg\" alt=\"\" class=\"wp-image-26932\" srcset=\"https:\/\/www.sembullyingsemviolencia.edu.gov.pt\/wp-content\/uploads\/2020\/01\/PAU-1024x724.jpg 1024w, https:\/\/www.sembullyingsemviolencia.edu.gov.pt\/wp-content\/uploads\/2020\/01\/PAU-300x212.jpg 300w, https:\/\/www.sembullyingsemviolencia.edu.gov.pt\/wp-content\/uploads\/2020\/01\/PAU-768x543.jpg 768w, https:\/\/www.sembullyingsemviolencia.edu.gov.pt\/wp-content\/uploads\/2020\/01\/PAU-1536x1086.jpg 1536w, https:\/\/www.sembullyingsemviolencia.edu.gov.pt\/wp-content\/uploads\/2020\/01\/PAU-500x353.jpg 500w, https:\/\/www.sembullyingsemviolencia.edu.gov.pt\/wp-content\/uploads\/2020\/01\/PAU-800x566.jpg 800w, https:\/\/www.sembullyingsemviolencia.edu.gov.pt\/wp-content\/uploads\/2020\/01\/PAU-1280x905.jpg 1280w, https:\/\/www.sembullyingsemviolencia.edu.gov.pt\/wp-content\/uploads\/2020\/01\/PAU.jpg 1754w\" sizes=\"(max-width: 1024px) 100vw, 1024px\" \/><\/figure><\/div>\n","protected":false},"excerpt":{"rendered":"<p>A Escola B\u00e1sica e Secund\u00e1ria de Santa Cruz est\u00e1 a celebrar o Dia Mundial da N\u00e3o Viol\u00eancia e da Paz&#8230;<\/p>\n","protected":false},"author":1,"featured_media":26932,"comment_status":"closed","ping_status":"closed","sticky":false,"template":"","format":"standard","meta":{"footnotes":"","_links_to":"","_links_to_target":""},"categories":[133],"tags":[],"class_list":{"0":"post-26931","1":"post","2":"type-post","3":"status-publish","4":"format-standard","5":"has-post-thumbnail","7":"category-iniciativas-escolas"},"menu_order":0,"_links":{"self":[{"href":"https:\/\/www.sembullyingsemviolencia.edu.gov.pt\/index.php?rest_route=\/wp\/v2\/posts\/26931","targetHints":{"allow":["GET"]}}],"collection":[{"href":"https:\/\/www.sembullyingsemviolencia.edu.gov.pt\/index.php?rest_route=\/wp\/v2\/posts"}],"about":[{"href":"https:\/\/www.sembullyingsemviolencia.edu.gov.pt\/index.php?rest_route=\/wp\/v2\/types\/post"}],"author":[{"embeddable":true,"href":"https:\/\/www.sembullyingsemviolencia.edu.gov.pt\/index.php?rest_route=\/wp\/v2\/users\/1"}],"replies":[{"embeddable":true,"href":"https:\/\/www.sembullyingsemviolencia.edu.gov.pt\/index.php?rest_route=%2Fwp%2Fv2%2Fcomments&post=26931"}],"version-history":[{"count":1,"href":"https:\/\/www.sembullyingsemviolencia.edu.gov.pt\/index.php?rest_route=\/wp\/v2\/posts\/26931\/revisions"}],"predecessor-version":[{"id":26933,"href":"https:\/\/www.sembullyingsemviolencia.edu.gov.pt\/index.php?rest_route=\/wp\/v2\/posts\/26931\/revisions\/26933"}],"wp:featuredmedia":[{"embeddable":true,"href":"https:\/\/www.sembullyingsemviolencia.edu.gov.pt\/index.php?rest_route=\/wp\/v2\/media\/26932"}],"wp:attachment":[{"href":"https:\/\/www.sembullyingsemviolencia.edu.gov.pt\/index.php?rest_route=%2Fwp%2Fv2%2Fmedia&parent=26931"}],"wp:term":[{"taxonomy":"category","embeddable":true,"href":"https:\/\/www.sembullyingsemviolencia.edu.gov.pt\/index.php?rest_route=%2Fwp%2Fv2%2Fcategories&post=26931"},{"taxonomy":"post_tag","embeddable":true,"href":"https:\/\/www.sembullyingsemviolencia.edu.gov.pt\/index.php?rest_route=%2Fwp%2Fv2%2Ftags&post=26931"}],"curies":[{"name":"wp","href":"https:\/\/api.w.org\/{rel}","templated":true}]}}