{"id":26993,"date":"2020-02-10T14:37:17","date_gmt":"2020-02-10T14:37:17","guid":{"rendered":"https:\/\/www.sembullyingsemviolencia.edu.gov.pt\/?p=26993"},"modified":"2020-02-10T14:37:18","modified_gmt":"2020-02-10T14:37:18","slug":"ae-de-ilhavo-2","status":"publish","type":"post","link":"https:\/\/www.sembullyingsemviolencia.edu.gov.pt\/?p=26993","title":{"rendered":"AE de \u00cdlhavo"},"content":{"rendered":"\n<p><strong>L\u00edderes Digitais<\/strong><\/p>\n\n\n\n<p>Os L\u00edderes dinamizaram uma sess\u00e3o sobre \u2018Fake News\u2019 dirigida aos\nalunos do 10\u00baano. No final da sess\u00e3o houve um momento de debate, onde foram\nabordadas algumas quest\u00f5es associadas \u00e0 tem\u00e1tica abordada \u2018Not\u00edcias Falsas\u2019,\ncomo a Democracia e os Direitos Humanos.<\/p>\n\n\n\n<figure class=\"wp-block-gallery aligncenter columns-3 wp-block-gallery-1 is-layout-flex wp-block-gallery-is-layout-flex\"><ul class=\"blocks-gallery-grid\"><li class=\"blocks-gallery-item\"><figure><a href=\"https:\/\/www.sembullyingsemviolencia.edu.gov.pt\/wp-content\/uploads\/2020\/02\/1.jpeg\"><img width=\"1024\" height=\"768\" src=\"https:\/\/www.sembullyingsemviolencia.edu.gov.pt\/wp-content\/uploads\/2020\/02\/1-1024x768.jpeg\" alt=\"\" data-id=\"26994\" data-full-url=\"https:\/\/www.sembullyingsemviolencia.edu.gov.pt\/wp-content\/uploads\/2020\/02\/1.jpeg\" data-link=\"https:\/\/www.sembullyingsemviolencia.edu.gov.pt\/?attachment_id=26994\" class=\"wp-image-26994\" srcset=\"https:\/\/www.sembullyingsemviolencia.edu.gov.pt\/wp-content\/uploads\/2020\/02\/1-1024x768.jpeg 1024w, https:\/\/www.sembullyingsemviolencia.edu.gov.pt\/wp-content\/uploads\/2020\/02\/1-300x225.jpeg 300w, https:\/\/www.sembullyingsemviolencia.edu.gov.pt\/wp-content\/uploads\/2020\/02\/1-768x576.jpeg 768w, https:\/\/www.sembullyingsemviolencia.edu.gov.pt\/wp-content\/uploads\/2020\/02\/1-1536x1153.jpeg 1536w, https:\/\/www.sembullyingsemviolencia.edu.gov.pt\/wp-content\/uploads\/2020\/02\/1-500x375.jpeg 500w, https:\/\/www.sembullyingsemviolencia.edu.gov.pt\/wp-content\/uploads\/2020\/02\/1-800x600.jpeg 800w, https:\/\/www.sembullyingsemviolencia.edu.gov.pt\/wp-content\/uploads\/2020\/02\/1-1280x961.jpeg 1280w, https:\/\/www.sembullyingsemviolencia.edu.gov.pt\/wp-content\/uploads\/2020\/02\/1.jpeg 1919w\" sizes=\"(max-width: 1024px) 100vw, 1024px\" \/><\/a><\/figure><\/li><li class=\"blocks-gallery-item\"><figure><a href=\"https:\/\/www.sembullyingsemviolencia.edu.gov.pt\/wp-content\/uploads\/2020\/02\/2.jpeg\"><img width=\"1024\" height=\"768\" src=\"https:\/\/www.sembullyingsemviolencia.edu.gov.pt\/wp-content\/uploads\/2020\/02\/2-1024x768.jpeg\" alt=\"\" data-id=\"26995\" data-full-url=\"https:\/\/www.sembullyingsemviolencia.edu.gov.pt\/wp-content\/uploads\/2020\/02\/2.jpeg\" data-link=\"https:\/\/www.sembullyingsemviolencia.edu.gov.pt\/?attachment_id=26995\" class=\"wp-image-26995\" srcset=\"https:\/\/www.sembullyingsemviolencia.edu.gov.pt\/wp-content\/uploads\/2020\/02\/2-1024x768.jpeg 1024w, https:\/\/www.sembullyingsemviolencia.edu.gov.pt\/wp-content\/uploads\/2020\/02\/2-300x225.jpeg 300w, https:\/\/www.sembullyingsemviolencia.edu.gov.pt\/wp-content\/uploads\/2020\/02\/2-768x576.jpeg 768w, https:\/\/www.sembullyingsemviolencia.edu.gov.pt\/wp-content\/uploads\/2020\/02\/2-1536x1153.jpeg 1536w, https:\/\/www.sembullyingsemviolencia.edu.gov.pt\/wp-content\/uploads\/2020\/02\/2-500x375.jpeg 500w, https:\/\/www.sembullyingsemviolencia.edu.gov.pt\/wp-content\/uploads\/2020\/02\/2-800x600.jpeg 800w, https:\/\/www.sembullyingsemviolencia.edu.gov.pt\/wp-content\/uploads\/2020\/02\/2-1280x961.jpeg 1280w, https:\/\/www.sembullyingsemviolencia.edu.gov.pt\/wp-content\/uploads\/2020\/02\/2.jpeg 1919w\" sizes=\"(max-width: 1024px) 100vw, 1024px\" \/><\/a><\/figure><\/li><li class=\"blocks-gallery-item\"><figure><a href=\"https:\/\/www.sembullyingsemviolencia.edu.gov.pt\/wp-content\/uploads\/2020\/02\/3_-rotated.jpeg\"><img width=\"1024\" height=\"768\" src=\"https:\/\/www.sembullyingsemviolencia.edu.gov.pt\/wp-content\/uploads\/2020\/02\/3_-1024x768.jpeg\" alt=\"\" data-id=\"26996\" data-full-url=\"https:\/\/www.sembullyingsemviolencia.edu.gov.pt\/wp-content\/uploads\/2020\/02\/3_-rotated.jpeg\" data-link=\"https:\/\/www.sembullyingsemviolencia.edu.gov.pt\/?attachment_id=26996\" class=\"wp-image-26996\" srcset=\"https:\/\/www.sembullyingsemviolencia.edu.gov.pt\/wp-content\/uploads\/2020\/02\/3_-1024x768.jpeg 1024w, https:\/\/www.sembullyingsemviolencia.edu.gov.pt\/wp-content\/uploads\/2020\/02\/3_-300x225.jpeg 300w, https:\/\/www.sembullyingsemviolencia.edu.gov.pt\/wp-content\/uploads\/2020\/02\/3_-768x576.jpeg 768w, https:\/\/www.sembullyingsemviolencia.edu.gov.pt\/wp-content\/uploads\/2020\/02\/3_-1536x1153.jpeg 1536w, https:\/\/www.sembullyingsemviolencia.edu.gov.pt\/wp-content\/uploads\/2020\/02\/3_-500x375.jpeg 500w, https:\/\/www.sembullyingsemviolencia.edu.gov.pt\/wp-content\/uploads\/2020\/02\/3_-800x600.jpeg 800w, https:\/\/www.sembullyingsemviolencia.edu.gov.pt\/wp-content\/uploads\/2020\/02\/3_-1280x961.jpeg 1280w, https:\/\/www.sembullyingsemviolencia.edu.gov.pt\/wp-content\/uploads\/2020\/02\/3_-rotated.jpeg 1919w\" sizes=\"(max-width: 1024px) 100vw, 1024px\" \/><\/a><\/figure><\/li><li class=\"blocks-gallery-item\"><figure><a href=\"https:\/\/www.sembullyingsemviolencia.edu.gov.pt\/wp-content\/uploads\/2020\/02\/4-1.png\"><img width=\"1024\" height=\"575\" src=\"https:\/\/www.sembullyingsemviolencia.edu.gov.pt\/wp-content\/uploads\/2020\/02\/4-1-1024x575.png\" alt=\"\" data-id=\"26997\" data-full-url=\"https:\/\/www.sembullyingsemviolencia.edu.gov.pt\/wp-content\/uploads\/2020\/02\/4-1.png\" data-link=\"https:\/\/www.sembullyingsemviolencia.edu.gov.pt\/?attachment_id=26997\" class=\"wp-image-26997\" srcset=\"https:\/\/www.sembullyingsemviolencia.edu.gov.pt\/wp-content\/uploads\/2020\/02\/4-1-1024x575.png 1024w, https:\/\/www.sembullyingsemviolencia.edu.gov.pt\/wp-content\/uploads\/2020\/02\/4-1-300x169.png 300w, https:\/\/www.sembullyingsemviolencia.edu.gov.pt\/wp-content\/uploads\/2020\/02\/4-1-768x431.png 768w, https:\/\/www.sembullyingsemviolencia.edu.gov.pt\/wp-content\/uploads\/2020\/02\/4-1-500x281.png 500w, https:\/\/www.sembullyingsemviolencia.edu.gov.pt\/wp-content\/uploads\/2020\/02\/4-1-800x449.png 800w, https:\/\/www.sembullyingsemviolencia.edu.gov.pt\/wp-content\/uploads\/2020\/02\/4-1.png 1280w\" sizes=\"(max-width: 1024px) 100vw, 1024px\" \/><\/a><\/figure><\/li><\/ul><\/figure>\n","protected":false},"excerpt":{"rendered":"<p>L\u00edderes Digitais Os L\u00edderes dinamizaram uma sess\u00e3o sobre \u2018Fake News\u2019 dirigida aos alunos do 10\u00baano. No final da sess\u00e3o houve&#8230;<\/p>\n","protected":false},"author":1,"featured_media":26997,"comment_status":"closed","ping_status":"closed","sticky":false,"template":"","format":"standard","meta":{"footnotes":"","_links_to":"","_links_to_target":""},"categories":[133],"tags":[],"class_list":{"0":"post-26993","1":"post","2":"type-post","3":"status-publish","4":"format-standard","5":"has-post-thumbnail","7":"category-iniciativas-escolas"},"menu_order":0,"_links":{"self":[{"href":"https:\/\/www.sembullyingsemviolencia.edu.gov.pt\/index.php?rest_route=\/wp\/v2\/posts\/26993","targetHints":{"allow":["GET"]}}],"collection":[{"href":"https:\/\/www.sembullyingsemviolencia.edu.gov.pt\/index.php?rest_route=\/wp\/v2\/posts"}],"about":[{"href":"https:\/\/www.sembullyingsemviolencia.edu.gov.pt\/index.php?rest_route=\/wp\/v2\/types\/post"}],"author":[{"embeddable":true,"href":"https:\/\/www.sembullyingsemviolencia.edu.gov.pt\/index.php?rest_route=\/wp\/v2\/users\/1"}],"replies":[{"embeddable":true,"href":"https:\/\/www.sembullyingsemviolencia.edu.gov.pt\/index.php?rest_route=%2Fwp%2Fv2%2Fcomments&post=26993"}],"version-history":[{"count":1,"href":"https:\/\/www.sembullyingsemviolencia.edu.gov.pt\/index.php?rest_route=\/wp\/v2\/posts\/26993\/revisions"}],"predecessor-version":[{"id":26998,"href":"https:\/\/www.sembullyingsemviolencia.edu.gov.pt\/index.php?rest_route=\/wp\/v2\/posts\/26993\/revisions\/26998"}],"wp:featuredmedia":[{"embeddable":true,"href":"https:\/\/www.sembullyingsemviolencia.edu.gov.pt\/index.php?rest_route=\/wp\/v2\/media\/26997"}],"wp:attachment":[{"href":"https:\/\/www.sembullyingsemviolencia.edu.gov.pt\/index.php?rest_route=%2Fwp%2Fv2%2Fmedia&parent=26993"}],"wp:term":[{"taxonomy":"category","embeddable":true,"href":"https:\/\/www.sembullyingsemviolencia.edu.gov.pt\/index.php?rest_route=%2Fwp%2Fv2%2Fcategories&post=26993"},{"taxonomy":"post_tag","embeddable":true,"href":"https:\/\/www.sembullyingsemviolencia.edu.gov.pt\/index.php?rest_route=%2Fwp%2Fv2%2Ftags&post=26993"}],"curies":[{"name":"wp","href":"https:\/\/api.w.org\/{rel}","templated":true}]}}