{"id":27138,"date":"2021-02-19T14:18:57","date_gmt":"2021-02-19T14:18:57","guid":{"rendered":"https:\/\/www.sembullyingsemviolencia.edu.gov.pt\/?p=27138"},"modified":"2021-02-19T14:19:58","modified_gmt":"2021-02-19T14:19:58","slug":"ae-de-salvaterra-de-magos","status":"publish","type":"post","link":"https:\/\/www.sembullyingsemviolencia.edu.gov.pt\/?p=27138","title":{"rendered":"AE de Salvaterra de Magos"},"content":{"rendered":"<p>No \u00e2mbito da Comemora\u00e7\u00e3o do dia da Internet +Segura | 9 fevereiro, a turma CEF2A participou no evento online \u00abSexualidade e comportamentos de risco online\u00bb, em formato webinar.<\/p>\n<p>Este evento foi organizado pelo Cons\u00f3rcio do Centro Internet Segura, do qual fazem parte o Centro Nacional de Ciberseguran\u00e7a, a Dire\u00e7\u00e3o-Geral da Educa\u00e7\u00e3o, o Instituto Portugu\u00eas do Desporto e Juventude, I. P., a Funda\u00e7\u00e3o para a Ci\u00eancia e a Tecnologia &#8211; Computa\u00e7\u00e3o Cient\u00edfica Nacional, a Associa\u00e7\u00e3o Portuguesa de Apoio \u00e0 V\u00edtima, a Funda\u00e7\u00e3o Altice e a Microsoft Portugal.<\/p>\n<p>O evento contou com:<\/p>\n<p>-V\u00e1rios oradores que contribu\u00edram com a sua perspetiva e testemunho para uma reflex\u00e3o sobre relacionamentos online, no \u00e2mbito do tema \u00abSexualidade e Comportamentos de Risco Online\u00bb.<\/p>\n<p>-Testemunhos diversos, nomeadamente de jovens volunt\u00e1rios\/as de programas de voluntariado jovem do IPDJ &#8211; \u00abNamorar com Fair Play\u00bb e \u00abNavegas em Seguran\u00e7a?\u00bb.<\/p>\n<p>O objetivo foi alertar para a necessidade de preven\u00e7\u00e3o nos relacionamentos online, tendo sido em algo muito interessante e atual.<\/p>\n<p>Como resultado, e na disciplina de TIC (professora Manuela F\u00e9lix), surgiu o trabalho incluso com as reflex\u00f5es dos alunos sobre o que viram e ouviram.<\/p>\n<p>Esperamos que goste e fique mais desperto para o assunto.<\/p>\n<p><a href=\"https:\/\/www.canva.com\/design\/DAEVo0nTIdE\/wmGiCT6F7aX8PYQLz1ESdw\/view?utm_content=DAEVo0nTIdE&amp;utm_campaign=designshare&amp;utm_medium=link&amp;utm_source=viewer\" target=\"_blank\" rel=\"noopener noreferrer\"><img class=\"aligncenter wp-image-27139 size-medium\" src=\"https:\/\/www.sembullyingsemviolencia.edu.gov.pt\/wp-content\/uploads\/2021\/02\/Capturar-201x300.png\" alt=\"\" width=\"201\" height=\"300\" srcset=\"https:\/\/www.sembullyingsemviolencia.edu.gov.pt\/wp-content\/uploads\/2021\/02\/Capturar-201x300.png 201w, https:\/\/www.sembullyingsemviolencia.edu.gov.pt\/wp-content\/uploads\/2021\/02\/Capturar-500x747.png 500w, https:\/\/www.sembullyingsemviolencia.edu.gov.pt\/wp-content\/uploads\/2021\/02\/Capturar.png 570w\" sizes=\"(max-width: 201px) 100vw, 201px\" \/><\/a><\/p>\n","protected":false},"excerpt":{"rendered":"<p>No \u00e2mbito da Comemora\u00e7\u00e3o do dia da Internet +Segura | 9 fevereiro, a turma CEF2A participou no evento online \u00abSexualidade&#8230;<\/p>\n","protected":false},"author":1,"featured_media":27139,"comment_status":"closed","ping_status":"closed","sticky":false,"template":"","format":"standard","meta":{"footnotes":"","_links_to":"","_links_to_target":""},"categories":[133],"tags":[],"class_list":{"0":"post-27138","1":"post","2":"type-post","3":"status-publish","4":"format-standard","5":"has-post-thumbnail","7":"category-iniciativas-escolas"},"menu_order":0,"_links":{"self":[{"href":"https:\/\/www.sembullyingsemviolencia.edu.gov.pt\/index.php?rest_route=\/wp\/v2\/posts\/27138","targetHints":{"allow":["GET"]}}],"collection":[{"href":"https:\/\/www.sembullyingsemviolencia.edu.gov.pt\/index.php?rest_route=\/wp\/v2\/posts"}],"about":[{"href":"https:\/\/www.sembullyingsemviolencia.edu.gov.pt\/index.php?rest_route=\/wp\/v2\/types\/post"}],"author":[{"embeddable":true,"href":"https:\/\/www.sembullyingsemviolencia.edu.gov.pt\/index.php?rest_route=\/wp\/v2\/users\/1"}],"replies":[{"embeddable":true,"href":"https:\/\/www.sembullyingsemviolencia.edu.gov.pt\/index.php?rest_route=%2Fwp%2Fv2%2Fcomments&post=27138"}],"version-history":[{"count":4,"href":"https:\/\/www.sembullyingsemviolencia.edu.gov.pt\/index.php?rest_route=\/wp\/v2\/posts\/27138\/revisions"}],"predecessor-version":[{"id":27143,"href":"https:\/\/www.sembullyingsemviolencia.edu.gov.pt\/index.php?rest_route=\/wp\/v2\/posts\/27138\/revisions\/27143"}],"wp:featuredmedia":[{"embeddable":true,"href":"https:\/\/www.sembullyingsemviolencia.edu.gov.pt\/index.php?rest_route=\/wp\/v2\/media\/27139"}],"wp:attachment":[{"href":"https:\/\/www.sembullyingsemviolencia.edu.gov.pt\/index.php?rest_route=%2Fwp%2Fv2%2Fmedia&parent=27138"}],"wp:term":[{"taxonomy":"category","embeddable":true,"href":"https:\/\/www.sembullyingsemviolencia.edu.gov.pt\/index.php?rest_route=%2Fwp%2Fv2%2Fcategories&post=27138"},{"taxonomy":"post_tag","embeddable":true,"href":"https:\/\/www.sembullyingsemviolencia.edu.gov.pt\/index.php?rest_route=%2Fwp%2Fv2%2Ftags&post=27138"}],"curies":[{"name":"wp","href":"https:\/\/api.w.org\/{rel}","templated":true}]}}