{"id":27168,"date":"2021-05-06T17:55:11","date_gmt":"2021-05-06T16:55:11","guid":{"rendered":"https:\/\/www.sembullyingsemviolencia.edu.gov.pt\/?p=27168"},"modified":"2021-05-06T17:55:33","modified_gmt":"2021-05-06T16:55:33","slug":"27168","status":"publish","type":"post","link":"https:\/\/www.sembullyingsemviolencia.edu.gov.pt\/?p=27168","title":{"rendered":"AE Salvaterra de Magos"},"content":{"rendered":"\n<p>Convidados a participar no&nbsp;\u201c<a href=\"https:\/\/youtu.be\/HCZOnBI3VwM\">Webinar \u2013 Olhos nos Olhos pela Igualdade \u2013 Educar para a Cidadania com Afetos<\/a>\u201d, algumas turmas do 7.\u00ba e 8.\u00ba anos realizaram&nbsp;trabalhos, fruto de discuss\u00f5es\/debates em torno deste&nbsp;<em>webinar<\/em>.&nbsp;<\/p>\n\n\n\n<p>Sendo um trabalho destinado ao Dia da Mulher, algumas destas mensagens interligam-se com a tem\u00e1tica do Bullying, devendo ser feita a sua divulga\u00e7\u00e3o.&nbsp;&nbsp;<\/p>\n\n\n\n<figure class=\"wp-block-video aligncenter\"><video height=\"1080\" style=\"aspect-ratio: 1440 \/ 1080;\" width=\"1440\" controls poster=\"https:\/\/www.sembullyingsemviolencia.edu.gov.pt\/wp-content\/uploads\/2021\/05\/AESM2.png\" src=\"https:\/\/www.sembullyingsemviolencia.edu.gov.pt\/wp-content\/uploads\/2021\/05\/Apresentacao1a.webm\"><\/video><\/figure>\n","protected":false},"excerpt":{"rendered":"<p>Convidados a participar no&nbsp;\u201cWebinar \u2013 Olhos nos Olhos pela Igualdade \u2013 Educar para a Cidadania com Afetos\u201d, algumas turmas do&#8230;<\/p>\n","protected":false},"author":1,"featured_media":27169,"comment_status":"closed","ping_status":"closed","sticky":false,"template":"","format":"standard","meta":{"footnotes":"","_links_to":"","_links_to_target":""},"categories":[133],"tags":[],"class_list":{"0":"post-27168","1":"post","2":"type-post","3":"status-publish","4":"format-standard","5":"has-post-thumbnail","7":"category-iniciativas-escolas"},"menu_order":0,"_links":{"self":[{"href":"https:\/\/www.sembullyingsemviolencia.edu.gov.pt\/index.php?rest_route=\/wp\/v2\/posts\/27168","targetHints":{"allow":["GET"]}}],"collection":[{"href":"https:\/\/www.sembullyingsemviolencia.edu.gov.pt\/index.php?rest_route=\/wp\/v2\/posts"}],"about":[{"href":"https:\/\/www.sembullyingsemviolencia.edu.gov.pt\/index.php?rest_route=\/wp\/v2\/types\/post"}],"author":[{"embeddable":true,"href":"https:\/\/www.sembullyingsemviolencia.edu.gov.pt\/index.php?rest_route=\/wp\/v2\/users\/1"}],"replies":[{"embeddable":true,"href":"https:\/\/www.sembullyingsemviolencia.edu.gov.pt\/index.php?rest_route=%2Fwp%2Fv2%2Fcomments&post=27168"}],"version-history":[{"count":2,"href":"https:\/\/www.sembullyingsemviolencia.edu.gov.pt\/index.php?rest_route=\/wp\/v2\/posts\/27168\/revisions"}],"predecessor-version":[{"id":27171,"href":"https:\/\/www.sembullyingsemviolencia.edu.gov.pt\/index.php?rest_route=\/wp\/v2\/posts\/27168\/revisions\/27171"}],"wp:featuredmedia":[{"embeddable":true,"href":"https:\/\/www.sembullyingsemviolencia.edu.gov.pt\/index.php?rest_route=\/wp\/v2\/media\/27169"}],"wp:attachment":[{"href":"https:\/\/www.sembullyingsemviolencia.edu.gov.pt\/index.php?rest_route=%2Fwp%2Fv2%2Fmedia&parent=27168"}],"wp:term":[{"taxonomy":"category","embeddable":true,"href":"https:\/\/www.sembullyingsemviolencia.edu.gov.pt\/index.php?rest_route=%2Fwp%2Fv2%2Fcategories&post=27168"},{"taxonomy":"post_tag","embeddable":true,"href":"https:\/\/www.sembullyingsemviolencia.edu.gov.pt\/index.php?rest_route=%2Fwp%2Fv2%2Ftags&post=27168"}],"curies":[{"name":"wp","href":"https:\/\/api.w.org\/{rel}","templated":true}]}}