{"id":27176,"date":"2021-05-08T16:08:04","date_gmt":"2021-05-08T15:08:04","guid":{"rendered":"https:\/\/www.sembullyingsemviolencia.edu.gov.pt\/?p=27176"},"modified":"2021-05-08T16:08:20","modified_gmt":"2021-05-08T15:08:20","slug":"ae-de-santo-antonio","status":"publish","type":"post","link":"https:\/\/www.sembullyingsemviolencia.edu.gov.pt\/?p=27176","title":{"rendered":"AE de Santo Ant\u00f3nio"},"content":{"rendered":"\n<p>Trabalho desenvolvido pela professora Maria Manuela Espadinha &#8220;Fecha a Porta ao (Ciber)Bullying&#8221;\u00a0que espelha o trabalho desenvolvido no Agrupamento no \u00e2mbito do Plano de Preven\u00e7\u00e3o e Combate ao Bullying<\/p>\n\n\n\n<figure class=\"wp-block-video\"><video height=\"1080\" style=\"aspect-ratio: 1920 \/ 1080;\" width=\"1920\" controls src=\"https:\/\/www.sembullyingsemviolencia.edu.gov.pt\/wp-content\/uploads\/2021\/05\/Fecha_a_Porta_ao_Bullying_Agrupamento_Escolas_Santo_Antonio1.webm\"><\/video><\/figure>\n","protected":false},"excerpt":{"rendered":"<p>Trabalho desenvolvido pela professora Maria Manuela Espadinha &#8220;Fecha a Porta ao (Ciber)Bullying&#8221;\u00a0que espelha o trabalho desenvolvido no Agrupamento no \u00e2mbito&#8230;<\/p>\n","protected":false},"author":1,"featured_media":27179,"comment_status":"closed","ping_status":"closed","sticky":false,"template":"","format":"standard","meta":{"footnotes":"","_links_to":"","_links_to_target":""},"categories":[133],"tags":[],"class_list":{"0":"post-27176","1":"post","2":"type-post","3":"status-publish","4":"format-standard","5":"has-post-thumbnail","7":"category-iniciativas-escolas"},"menu_order":0,"_links":{"self":[{"href":"https:\/\/www.sembullyingsemviolencia.edu.gov.pt\/index.php?rest_route=\/wp\/v2\/posts\/27176","targetHints":{"allow":["GET"]}}],"collection":[{"href":"https:\/\/www.sembullyingsemviolencia.edu.gov.pt\/index.php?rest_route=\/wp\/v2\/posts"}],"about":[{"href":"https:\/\/www.sembullyingsemviolencia.edu.gov.pt\/index.php?rest_route=\/wp\/v2\/types\/post"}],"author":[{"embeddable":true,"href":"https:\/\/www.sembullyingsemviolencia.edu.gov.pt\/index.php?rest_route=\/wp\/v2\/users\/1"}],"replies":[{"embeddable":true,"href":"https:\/\/www.sembullyingsemviolencia.edu.gov.pt\/index.php?rest_route=%2Fwp%2Fv2%2Fcomments&post=27176"}],"version-history":[{"count":1,"href":"https:\/\/www.sembullyingsemviolencia.edu.gov.pt\/index.php?rest_route=\/wp\/v2\/posts\/27176\/revisions"}],"predecessor-version":[{"id":27180,"href":"https:\/\/www.sembullyingsemviolencia.edu.gov.pt\/index.php?rest_route=\/wp\/v2\/posts\/27176\/revisions\/27180"}],"wp:featuredmedia":[{"embeddable":true,"href":"https:\/\/www.sembullyingsemviolencia.edu.gov.pt\/index.php?rest_route=\/wp\/v2\/media\/27179"}],"wp:attachment":[{"href":"https:\/\/www.sembullyingsemviolencia.edu.gov.pt\/index.php?rest_route=%2Fwp%2Fv2%2Fmedia&parent=27176"}],"wp:term":[{"taxonomy":"category","embeddable":true,"href":"https:\/\/www.sembullyingsemviolencia.edu.gov.pt\/index.php?rest_route=%2Fwp%2Fv2%2Fcategories&post=27176"},{"taxonomy":"post_tag","embeddable":true,"href":"https:\/\/www.sembullyingsemviolencia.edu.gov.pt\/index.php?rest_route=%2Fwp%2Fv2%2Ftags&post=27176"}],"curies":[{"name":"wp","href":"https:\/\/api.w.org\/{rel}","templated":true}]}}