{"id":27182,"date":"2021-10-25T12:57:35","date_gmt":"2021-10-25T11:57:35","guid":{"rendered":"https:\/\/www.sembullyingsemviolencia.edu.gov.pt\/?p=27182"},"modified":"2023-10-23T10:30:10","modified_gmt":"2023-10-23T09:30:10","slug":"escola-sem-bullying-escola-sem-violencia-ano-letivo-2021-22","status":"publish","type":"post","link":"https:\/\/www.sembullyingsemviolencia.edu.gov.pt\/?p=27182","title":{"rendered":"Escola Sem Bullying. Escola Sem Viol\u00eancia \u2013 2021\/22"},"content":{"rendered":"<p>Hoje,&nbsp;20 de outubro &#8211;&nbsp;<strong>Dia Mundial de Combate ao Bullying<\/strong>&nbsp;-, pelas 18 horas, o Minist\u00e9rio da Educa\u00e7\u00e3o, atrav\u00e9s da Dire\u00e7\u00e3o-Geral da Educa\u00e7\u00e3o, convida todos os Agrupamentos de Escolas\/Escolas n\u00e3o&nbsp;agrupadas a assistir ao lan\u00e7amento da iniciativa \u201cEscola Sem Bullying. Escola Sem Viol\u00eancia\u201d &#8211; ano letivo 2020\/21.<\/p>\n<p>Este webinar, que contar\u00e1 com a presen\u00e7a da especialista S\u00f3nia Seixas, pretende ser inspirador, e nele ser\u00e3o divulgadas pistas para o arranque ou para a continua\u00e7\u00e3o da implementa\u00e7\u00e3o de um plano de sensibiliza\u00e7\u00e3o, preven\u00e7\u00e3o e combate ao <em>bullying<\/em>, ao ciber<em>bullying <\/em>e a outras formas de viol\u00eancia, a ser aplicado nos Agrupamento de escolas\/Escolas&nbsp;n\u00e3o&nbsp;agrupadas.<\/p>\n<p><strong>Consulte os novos recursos dispon\u00edveis:<\/strong><\/p>\n<ul type=\"disc\">\n<li><a title=\"https:\/\/www.seguranet.pt\/sites\/default\/files\/2021-10\/cartaz-escola-sem-bullying-p14.pdf\" href=\"https:\/\/cidadania.dge.mec.pt\/sites\/default\/files\/pdfs\/cartaz-escola-sem-bullying-p14-1.pdf\" target=\"_blank\" rel=\"noopener noreferrer\">Cartaz<\/a>&nbsp;de informa\u00e7\u00e3o, sensibiliza\u00e7\u00e3o e preven\u00e7\u00e3o do bullying e do ciberbullying;<\/li>\n<li><a title=\"https:\/\/www.youtube.com\/watch?v=L2j-xUivviw&amp;list=PLaoEjrV1_n-g-cjj84w0SIq4Lffqn_J-I&amp;index=3\" href=\"https:\/\/www.youtube.com\/watch?v=L2j-xUivviw&amp;list=PLaoEjrV1_n-g-cjj84w0SIq4Lffqn_J-I&amp;index=3\" target=\"_blank\" rel=\"noopener noreferrer\">Anima\u00e7\u00e3o<\/a>&nbsp;que sensibiliza para as problem\u00e1ticas do bullying e do ciberbullying.<\/li>\n<\/ul>\n<p>Assista ao webinar em direto em:&nbsp;<a title=\"https:\/\/www.youtube.com\/watch?v=dhvBSHGjXDU\" href=\"https:\/\/www.youtube.com\/watch?v=dhvBSHGjXDU\" target=\"_blank\" rel=\"noopener noreferrer\">https:\/\/www.youtube.com\/watch?v=dhvBSHGjXDU<\/a><\/p>\n","protected":false},"excerpt":{"rendered":"<p>Hoje,&nbsp;20 de outubro &#8211;&nbsp;Dia Mundial de Combate ao Bullying&nbsp;-, pelas 18 horas, o Minist\u00e9rio da Educa\u00e7\u00e3o, atrav\u00e9s da Dire\u00e7\u00e3o-Geral da&#8230;<\/p>\n","protected":false},"author":1,"featured_media":27183,"comment_status":"closed","ping_status":"closed","sticky":false,"template":"","format":"standard","meta":{"footnotes":"","_links_to":"","_links_to_target":""},"categories":[102,133],"tags":[],"class_list":{"0":"post-27182","1":"post","2":"type-post","3":"status-publish","4":"format-standard","5":"has-post-thumbnail","7":"category-formacao","8":"category-iniciativas-escolas"},"menu_order":0,"_links":{"self":[{"href":"https:\/\/www.sembullyingsemviolencia.edu.gov.pt\/index.php?rest_route=\/wp\/v2\/posts\/27182","targetHints":{"allow":["GET"]}}],"collection":[{"href":"https:\/\/www.sembullyingsemviolencia.edu.gov.pt\/index.php?rest_route=\/wp\/v2\/posts"}],"about":[{"href":"https:\/\/www.sembullyingsemviolencia.edu.gov.pt\/index.php?rest_route=\/wp\/v2\/types\/post"}],"author":[{"embeddable":true,"href":"https:\/\/www.sembullyingsemviolencia.edu.gov.pt\/index.php?rest_route=\/wp\/v2\/users\/1"}],"replies":[{"embeddable":true,"href":"https:\/\/www.sembullyingsemviolencia.edu.gov.pt\/index.php?rest_route=%2Fwp%2Fv2%2Fcomments&post=27182"}],"version-history":[{"count":3,"href":"https:\/\/www.sembullyingsemviolencia.edu.gov.pt\/index.php?rest_route=\/wp\/v2\/posts\/27182\/revisions"}],"predecessor-version":[{"id":27186,"href":"https:\/\/www.sembullyingsemviolencia.edu.gov.pt\/index.php?rest_route=\/wp\/v2\/posts\/27182\/revisions\/27186"}],"wp:featuredmedia":[{"embeddable":true,"href":"https:\/\/www.sembullyingsemviolencia.edu.gov.pt\/index.php?rest_route=\/wp\/v2\/media\/27183"}],"wp:attachment":[{"href":"https:\/\/www.sembullyingsemviolencia.edu.gov.pt\/index.php?rest_route=%2Fwp%2Fv2%2Fmedia&parent=27182"}],"wp:term":[{"taxonomy":"category","embeddable":true,"href":"https:\/\/www.sembullyingsemviolencia.edu.gov.pt\/index.php?rest_route=%2Fwp%2Fv2%2Fcategories&post=27182"},{"taxonomy":"post_tag","embeddable":true,"href":"https:\/\/www.sembullyingsemviolencia.edu.gov.pt\/index.php?rest_route=%2Fwp%2Fv2%2Ftags&post=27182"}],"curies":[{"name":"wp","href":"https:\/\/api.w.org\/{rel}","templated":true}]}}