{"id":27350,"date":"2024-06-07T08:49:04","date_gmt":"2024-06-07T07:49:04","guid":{"rendered":"https:\/\/www.sembullyingsemviolencia.edu.gov.pt\/?p=27350"},"modified":"2024-06-07T08:49:57","modified_gmt":"2024-06-07T07:49:57","slug":"candidatura-certificacao-escola-sem-bullying-escola-sem-violencia-2024","status":"publish","type":"post","link":"https:\/\/www.sembullyingsemviolencia.edu.gov.pt\/?p=27350","title":{"rendered":"Candidatura &#8211; Certifica\u00e7\u00e3o \u201cEscola Sem Bullying | Escola Sem Viol\u00eancia\u201d 2024"},"content":{"rendered":"\n<div style=\"height:57px\" aria-hidden=\"true\" class=\"wp-block-spacer\"><\/div>\n\n\n<p>Convite \u00e0 candidatura das Escolas \u00e0 Certifica\u00e7\u00e3o &#8211; Selo \u201cEscola Sem Bullying | Escola Sem Viol\u00eancia\u201d, entre 3 e 28 de junho, atrav\u00e9s do formul\u00e1rio\u00a0<em>online<\/em>, dispon\u00edvel para o efeito.<\/p>\n<p>A Escola deve assumir-se como um espa\u00e7o privilegiado na preven\u00e7\u00e3o e combate a todas as formas de viol\u00eancia. Para tal, afigura-se como de extrema import\u00e2ncia que as escolas definam e implementem o seu\u00a0<strong>Plano de\u00a0Preven\u00e7\u00e3o e\u00a0Combate ao\u00a0<\/strong><em><b>Bullying\u00a0<\/b><\/em><strong>e ao\u00a0<\/strong><em><b>Ciberbullying<\/b><\/em><strong>, \u201cEscola Sem\u00a0<\/strong><em><b>Bullying\u00a0<\/b><\/em><strong>| Escola Sem Viol\u00eancia\u201d<\/strong>.<\/p>\n<p>Consubstanciado nas premissas da Estrat\u00e9gia Nacional de Educa\u00e7\u00e3o para a Cidadania, e orientado para o Perfil dos Alunos \u00e0 Sa\u00edda da Escolaridade Obrigat\u00f3ria, \u00e9 significativo continuar a promover, em cada uma das escolas, um ambiente de bem-estar, onde a colabora\u00e7\u00e3o de toda a comunidade educativa, em particular a das crian\u00e7as e jovens, contribua para a sua transforma\u00e7\u00e3o. Em cada espa\u00e7o deve respirar-se empatia e respeito, e a inclus\u00e3o ter\u00e1 de ser assumida como uma realidade, onde o preconceito, os estere\u00f3tipos e os discursos de \u00f3dio, n\u00e3o\u00a0existam.<\/p>\n<p>Como forma de reconhecimento p\u00fablico\u00a0pelo\u00a0trabalho desenvolvido pelos Agrupamentos de Escolas\/Escolas n\u00e3o agrupadas, em resposta a este desafio, as escolas que desejarem concorrer \u00e0 certifica\u00e7\u00e3o anual \u201cEscola Sem\u00a0<em>Bullying\u00a0<\/em>| Escola Sem Viol\u00eancia\u201d dever\u00e3o responder ao\u00a0<a href=\"https:\/\/area.dge.mec.pt\/dspebullrelatorio\" data-auth=\"NotApplicable\" data-linkindex=\"0\">formul\u00e1rio\u00a0<\/a>dispon\u00edvel para o efeito, at\u00e9 ao dia\u00a0<strong>28\u00a0de junho de 2024<\/strong>.\u00a0Ser\u00e3o\u00a0considerados\u00a0os aspetos que constam na informa\u00e7\u00e3o relativa \u00e0 iniciativa \u201c<a href=\"https:\/\/www.sembullyingsemviolencia.edu.gov.pt\/?page_id=25026\" data-auth=\"NotApplicable\" data-linkindex=\"1\">Escola Sem\u00a0<em>Bullying\u00a0<\/em>I Escola Sem Viol\u00eancia<\/a>\u201d. Na \u00faltima edi\u00e7\u00e3o, verificou-se um aumento muito significativo do n\u00famero de escolas certificadas, passando de 208 (em 2022) para 405 (em 2023).<\/p>\n<p>No dia 4 do m\u00eas de julho, divulgaremos a lista das escolas que submeteram a sua candidatura \u00e0 certifica\u00e7\u00e3o e haver\u00e1 um per\u00edodo de 1 semana, para consulta e eventuais reclama\u00e7\u00f5es.<\/p>\n<p>\u00c9 importante continuar a certificar as escolas que, atentas, respondem \u201cn\u00e3o\u201d \u00e0 viol\u00eancia e desenvolvem um plano de preven\u00e7\u00e3o e combate a todas as formas de viol\u00eancia, em particular ao\u00a0<em>Bullying\u00a0<\/em>e ao\u00a0<em>Ciberbullying<\/em>. A cria\u00e7\u00e3o de um ambiente de bem-estar em meio escolar \u00e9 da responsabilidade de todos os que habitam cada Escola!<\/p>\n<p>A lista das escolas certificadas ser\u00e1 divulgada em outubro no\u00a0<em>website\u00a0<\/em>\u201c<a href=\"https:\/\/www.sembullyingsemviolencia.edu.gov.pt\/\" data-auth=\"NotApplicable\" data-linkindex=\"2\">Escola Sem\u00a0<em>Bullying\u00a0<\/em>| Escola Sem Viol\u00eancia<\/a>\u201d\u00a0e tamb\u00e9m nas redes sociais associadas, bem como atrav\u00e9s dos canais da Dire\u00e7\u00e3o-Geral da Educa\u00e7\u00e3o e da Cidadania.<\/p>\n<p>Contamos convosco!<\/p>","protected":false},"excerpt":{"rendered":"<p>Convite \u00e0 candidatura das Escolas \u00e0 Certifica\u00e7\u00e3o &#8211; Selo \u201cEscola Sem Bullying | Escola Sem Viol\u00eancia\u201d, entre 3 e 28&#8230;<\/p>\n","protected":false},"author":1,"featured_media":27321,"comment_status":"closed","ping_status":"closed","sticky":false,"template":"","format":"standard","meta":{"footnotes":"","_links_to":"","_links_to_target":""},"categories":[133,99],"tags":[],"class_list":{"0":"post-27350","1":"post","2":"type-post","3":"status-publish","4":"format-standard","5":"has-post-thumbnail","7":"category-iniciativas-escolas","8":"category-noticias"},"menu_order":0,"_links":{"self":[{"href":"https:\/\/www.sembullyingsemviolencia.edu.gov.pt\/index.php?rest_route=\/wp\/v2\/posts\/27350","targetHints":{"allow":["GET"]}}],"collection":[{"href":"https:\/\/www.sembullyingsemviolencia.edu.gov.pt\/index.php?rest_route=\/wp\/v2\/posts"}],"about":[{"href":"https:\/\/www.sembullyingsemviolencia.edu.gov.pt\/index.php?rest_route=\/wp\/v2\/types\/post"}],"author":[{"embeddable":true,"href":"https:\/\/www.sembullyingsemviolencia.edu.gov.pt\/index.php?rest_route=\/wp\/v2\/users\/1"}],"replies":[{"embeddable":true,"href":"https:\/\/www.sembullyingsemviolencia.edu.gov.pt\/index.php?rest_route=%2Fwp%2Fv2%2Fcomments&post=27350"}],"version-history":[{"count":2,"href":"https:\/\/www.sembullyingsemviolencia.edu.gov.pt\/index.php?rest_route=\/wp\/v2\/posts\/27350\/revisions"}],"predecessor-version":[{"id":27352,"href":"https:\/\/www.sembullyingsemviolencia.edu.gov.pt\/index.php?rest_route=\/wp\/v2\/posts\/27350\/revisions\/27352"}],"wp:featuredmedia":[{"embeddable":true,"href":"https:\/\/www.sembullyingsemviolencia.edu.gov.pt\/index.php?rest_route=\/wp\/v2\/media\/27321"}],"wp:attachment":[{"href":"https:\/\/www.sembullyingsemviolencia.edu.gov.pt\/index.php?rest_route=%2Fwp%2Fv2%2Fmedia&parent=27350"}],"wp:term":[{"taxonomy":"category","embeddable":true,"href":"https:\/\/www.sembullyingsemviolencia.edu.gov.pt\/index.php?rest_route=%2Fwp%2Fv2%2Fcategories&post=27350"},{"taxonomy":"post_tag","embeddable":true,"href":"https:\/\/www.sembullyingsemviolencia.edu.gov.pt\/index.php?rest_route=%2Fwp%2Fv2%2Ftags&post=27350"}],"curies":[{"name":"wp","href":"https:\/\/api.w.org\/{rel}","templated":true}]}}